{"id":8085,"date":"2026-04-27T18:28:18","date_gmt":"2026-04-27T18:28:18","guid":{"rendered":"https:\/\/empire-music.net\/index.php\/2026\/04\/27\/gran-teatre-del-liceu-unveils-ambitious-2026-27-season-featuring-global-stars-and-diverse-repertoire\/"},"modified":"2026-04-27T18:28:18","modified_gmt":"2026-04-27T18:28:18","slug":"gran-teatre-del-liceu-unveils-ambitious-2026-27-season-featuring-global-stars-and-diverse-repertoire","status":"publish","type":"post","link":"https:\/\/empire-music.net\/index.php\/2026\/04\/27\/gran-teatre-del-liceu-unveils-ambitious-2026-27-season-featuring-global-stars-and-diverse-repertoire\/","title":{"rendered":"Gran Teatre del Liceu Unveils Ambitious 2026-27 Season Featuring Global Stars and Diverse Repertoire"},"content":{"rendered":"<p>The Gran Teatre del Liceu has officially announced its highly anticipated 2026-27 season, promising a captivating journey through opera&#8217;s rich tapestry, from timeless classics to groundbreaking contemporary works. Scheduled to run from September 2026 through July 2027, the season boasts an impressive roster of internationally acclaimed artists, visionary directors, and a diverse selection of operatic masterpieces and concert offerings. This expansive program underscores the Liceu&#8217;s commitment to artistic excellence, innovation, and its role as a premier cultural institution on the global stage.<\/p>\n<h3>A Season of Grand Productions and Star Power<\/h3>\n<p>The 2026-27 season opens with a monumental production of Giuseppe Verdi&#8217;s <strong>Aida<\/strong>, staged from September 25 to October 15, 2026. Under the direction of the renowned visual artist Shirin Neshat, this production will feature a quartet of sopranos gracing the iconic title role: Anna Netrebko, Anna Pirozzi, Olga Maslova, and Ewa Plonka. They will be supported by a formidable cast including Ekaterina Semenchuk, Ksenia Dudnikova, Fiorenza Cedolins, Yusif Eyvazov, Piotr Becza\u0142a, Arsen Soghomonyan, Artur Ruci\u0144ski, Igor Golovatenko, Ariunbaatar Ganbaatar, Riccardo Fassi, George Andguladze, Manuel Fuentes, Alexander K\u00f6peczi, Giorgi Manoshvili, and Sim\u00f3n Orfila. The musical direction will be shared between Josep Gil and Antonello Manacorda, promising a powerful and visually arresting rendition of Verdi&#8217;s grand opera.<\/p>\n<p>Following closely, from October 30 to November 22, 2026, the Liceu will present Vincenzo Bellini&#8217;s tragic romance <strong>I Capuleti e I Montecchi<\/strong>. Directed by Adrian Noble, the cast features Marko Mimica, Lisette Oropesa, Marina Monz\u00f3, Raffaella Lupinacci, Caterina Piva, Iv\u00e1n Ay\u00f3n Rivas, Omar Mancini, and Alejandro L\u00f3pez. The delicate and demanding score will be brought to life by conductors Sasha Yankevych and Riccardo Frizza, highlighting the lyrical beauty and dramatic intensity of Bellini&#8217;s work.<\/p>\n<p>Wolfgang Amadeus Mozart&#8217;s <strong>La clemenza di Tito<\/strong> will take center stage from November 25 to December 1, 2026. This production, directed by David McVicar, renowned for his insightful interpretations of classical repertoire, will be conducted by the esteemed Jordi Savall. The stellar cast includes Jack Swanson, Karine Deshayes, Marianne Crebassa, Lina Johnson, Marian Beate Kielland, and Bo?idar Smiljani?. The Liceu&#8217;s choice to program this work reflects a growing appreciation for Mozart&#8217;s later operatic achievements, often overshadowed by his earlier, more popular compositions.<\/p>\n<p>The festive season will be ushered in with Giacomo Puccini&#8217;s beloved <strong>La boh\u00e8me<\/strong>, running from December 30, 2026, to January 19, 2027. Under the directorial vision of Paolo Gavazzeni and Piero Maranghi, the production will feature a dynamic ensemble of singers. Conducted by Giacomo Sagripanti, the cast includes Pene Pati, Freddie De Tommaso, Roberto Alagna, Kang Wang, Andrzej Filo\u0144czyk, Artur Ruci\u0144ski, Carles Pachon, Joan Mart\u00edn Royo, Milan Peri\u0161i?, Pau Armengol, Nicolas Test\u00e9, Alejandro Bali\u00f1as, Krzysztof B\u0105czyk, Pretty Yende, Ermonela Jaho, Carolina L\u00f3pez Moreno, Sara Blanch, Serena S\u00e1enz, Alexandra Oomens, and Carlos Chausson. The sheer number of renowned singers in multiple roles suggests a commitment to offering exceptional vocal performances throughout the run.<\/p>\n<h3>A Mid-Season Exploration of Diverse Genres<\/h3>\n<p>The new year kicks off with a concert performance of Georges Bizet&#8217;s <strong>Les p\u00eacheurs de perles<\/strong> on January 10, 2027. Led by the celebrated conductor Marc Minkowski, the performance will star Pene Pati, Florian Sempey, Elsa Benoit, and Edwin Crossley-Mercer, offering a chance to appreciate Bizet&#8217;s early operatic success in a focused, acoustically rich setting.<\/p>\n<p>Richard Wagner&#8217;s monumental <strong>Das Rheingold<\/strong> will be presented from February 7 to 21, 2027. This ambitious undertaking, directed by Tobias Kratzer and conducted by Jonathan Nott, features a powerful cast including Nicholas Brownlee, Kartal Karagedik, Roger Padull\u00e9s, Nicky Spence, Mikeldi Atxalandabaso, Ante Jerkunica, Wilhelm Schwinghammer, Tanja Ariane Baumgartner, Anett Fritsch, Okka von der Damerau, Ximena Agurto, Jennifer Feinstein, and Helena Ressurrei\u00e7\u00e3o. The staging of Wagner&#8217;s epic Ring cycle is a significant artistic endeavor for any opera house, and the Liceu&#8217;s commitment to this work signals a major artistic statement for the season.<\/p>\n<p>Emiliano Su\u00e1rez will direct and conduct a production of Gaetano Donizetti&#8217;s <strong>Lucia di Lammermoor.zip<\/strong> in March 2027. The subtitle &quot;.zip&quot; suggests a potentially modern or innovative approach to this operatic staple, hinting at a fresh perspective on the tragic tale of Lucia. Further details regarding the specific artistic concept are eagerly awaited by opera aficionados.<\/p>\n<p>The Puccini repertoire continues with <strong>La fanciulla del West<\/strong>, staged from March 8 to 24, 2027. Valentina Carrasco directs this American-themed opera, featuring Sondra Radvanovsky in the demanding role of Minnie. She will be joined by Roman Burdenko and Angelo Villari, with Nicola Luisotti at the helm of the orchestra. Radvanovsky&#8217;s return to the Liceu, particularly in such a signature role, is a major draw for the season.<\/p>\n<p>A significant contemporary work, Thomas Ad\u00e8s&#8217;s <strong>The Exterminating Angel<\/strong>, will be performed from April 15 to 22, 2027. Directed by Calixto Bieito, known for his provocative and often challenging stagings, and conducted by the composer himself, the opera boasts an extensive and star-studded cast. Performers include Jacquelyn Stucker, Gloria Tronel, Hilary Summers, Claudia Boyle, Christine Rice, Ilanah Lobel-Torres, Nicky Spence, Jarrett Ott, Anthony Roth Costanzo, Josh Lovell, Philippe Sly, Paul Gay, Rod Gilfry, Thomas Faulkner, Caspar Singh, Marc Sala, Carlos Reynoso, Ohiane Gonz\u00e1lez, Marcelina Rom\u00e1n, and R\u00e9gis Mengus. The inclusion of Ad\u00e8s&#8217;s complex and critically acclaimed work underscores the Liceu&#8217;s commitment to showcasing cutting-edge operatic compositions.<\/p>\n<p>George Frideric Handel&#8217;s oratorio <strong>Il trionfo del tempo e del disinganno<\/strong> will be presented on April 17, 2027, under the baton of Giovanni Antonini. The performance features Anett Fritsch, Julia Lezhneva, Krystian Adam, and Lucile Richardot, promising a masterclass in Baroque vocal performance.<\/p>\n<p>A significant moment for Catalan opera will be the world premiere of Casagemas&#8217;s <strong>Schiava e Regina<\/strong> on April 27, 2027. Directed by Vanessa Garc\u00eda Diepa, who conducts, the opera features Sabrina G\u00e1rdez, Laura del R\u00edo, Tamara Abra\u00f1o, Joan La\u00ednez, Albert Casals, Ferran Albrich, Milan Peri\u0161i\u0107, and Pau Armengol. The premiere of a new work by a Catalan composer is a vital contribution to the preservation and evolution of regional operatic traditions.<\/p>\n<p>Leo\u0161 Jan\u00e1\u010dek&#8217;s powerful drama <strong>Jen\u016ffa<\/strong> will be staged from May 8 to 22, 2027. Directed by \u00c0lex Oll\u00e9 and conducted by Jonathan Nott, the production stars Asmik Grigorian in the title role, alongside Marta Infante, Pavel \u010cernoch, James Ley, and Nina Stemme. Grigorian&#8217;s interpretation of Jen\u016ffa is highly anticipated, given her previous acclaimed performances in dramatic operatic roles.<\/p>\n<p>The season will also feature a concert performance of Rafael Mart\u00ednez Valls&#8217;s <strong>Can\u00e7\u00f3 d\u2019amor i de guerra<\/strong> on May 24 and 25, 2027. Conducted by Manel Valdivieso, the cast includes Serena S\u00e1enz, Josep Bros, Carles Pachon, Montserrat Ser\u00f3, and Marc Sala. This performance highlights a significant work in the zarzuela tradition, a genre deeply rooted in Spanish musical heritage.<\/p>\n<p>A production of <strong>La rosa dels set p\u00e8tals<\/strong> will be presented from June 4 to 6, 2027. Directed by Israel Sol\u00e0 and conducted by Manel Valdivieso, the cast features L\u00eddia Vinyes-Curtis, Dolors Aldea, Mercedes Gancedo, Laura Vila, Laura Bras\u00f3, and Marc Sala. The specific details of this work are less widely known, suggesting it may be a lesser-performed gem or a new discovery.<\/p>\n<p>The season culminates with Wolfgang Amadeus Mozart&#8217;s <strong>Die Zauberfl\u00f6te<\/strong>, directed by Marcos Morau and La Veronal, running from July 5 to 29, 2027. Conducted by Josep Pons, the production features an impressive ensemble including John Relyea, Alex Rosen, Jack Swanson, Ben Bliss, Albert Dohmen, Serena S\u00e1enz, Alina Wunderlin, Sara Blanch, Chelsea Zurfl\u00fch, Luc\u00eda Iglesias, Carles Pachon, Jan Antem, Jorge Rodriguez-Norton, and Pablo Garc\u00eda-L\u00f3pez. This imaginative staging of Mozart&#8217;s masterpiece promises a visually striking and musically rich conclusion to the operatic season.<\/p>\n<p>Finally, a showcase of micro-operas titled <strong>\u00a1oh!pera<\/strong> will be presented from July 10 to 15, 2027, featuring Carme Rodr\u00edguez and Silvia Lanao, offering a platform for innovative and intimate operatic creations.<\/p>\n<h3>A Robust Concert Series<\/h3>\n<p>Beyond the staged operas, the Liceu has curated a compelling series of concerts throughout the 2026-27 season.<\/p>\n<p>The season&#8217;s concert offerings commence with a powerful rendition of Verdi&#8217;s <strong>Requiem<\/strong> on November 3 and 4, 2026. Lise Davidsen, Aigul Akhmetshina, Freddie De Tommaso, and Christian Van Horn will lend their voices to this monumental work, under the baton of Nicola Luisotti.<\/p>\n<p>On November 28, 2026, the concert <strong>Celebrar el Lliure<\/strong> will commemorate the 50th anniversary of the Teatre Lliure. This special evening will feature Maria Toledo, Marcelina Rom\u00e1n, Carles Pachon, and Muntsa Alca\u00f1iz performing music by Mozart, L\u00e9har, de Falla, and Weill, conducted by Josep Pons.<\/p>\n<p>The <strong>Concert d\u2019Any Nou<\/strong> on January 4, 2027, will feature Ermonela Jaho, Jakub J\u00f3zef Orli\u0144ski, and Freddie De Tommaso, with Jonathan Nott conducting. This New Year&#8217;s concert is a popular tradition, offering a festive start to the year with beloved operatic and concert repertoire.<\/p>\n<p>The <strong>Concurs internacional Tenor Vi\u00f1as<\/strong> will hold its performance dates from January 22 to 24, 2027, conducted by Josep Planells Schiaffino, providing a platform for emerging vocal talent.<\/p>\n<p>February 14, 2027, will see Sondra Radvanovsky return to the Liceu for a solo recital accompanied by pianist Anthony Manoli, offering an intimate evening with one of the world&#8217;s leading sopranos.<\/p>\n<p>On March 17, 2027, Anna Netrebko will join Brian Jagde and George Petean for a concert featuring works by Verdi and Puccini, conducted by Marco Armiliato. This collaboration brings together prominent artists for a program of operatic highlights.<\/p>\n<p>A unique concert on April 4, 2027, will feature Gustavo Dudamel conducting music by Rimsky-Korsakov and Mussorgsky. Shirin Neshat will direct this performance, with Cameron Shahbazi as a soloist, blending operatic and symphonic elements with a distinctive directorial vision.<\/p>\n<p>On May 7, 2027, Nadine Sierra and Bryan Wagorn will present a concert program focusing on popular arias from <strong>La boh\u00e8me<\/strong>, <strong>La traviata<\/strong>, and <strong>Don Pasquale<\/strong>, showcasing beloved melodies from these iconic operas.<\/p>\n<p>The acclaimed <strong>Els madrigals de Monteverdi VIII<\/strong> will be presented on May 27, 2027, with Concerto Italiano under the direction of Rinaldo Alessandrini, offering a scholarly and passionate exploration of Monteverdi&#8217;s madrigal works.<\/p>\n<p>June 20, 2027, will feature a performance of Benjamin Britten&#8217;s powerful <strong>War Requiem<\/strong>. Irina Lungu, Allan Clayton, and Christian Gerhaher will lead the vocal forces, with Jonathan Nott conducting, for this profound and moving work.<\/p>\n<p>The season&#8217;s concert series concludes on July 11, 2027, with Asmik Grigorian and Hyung-ki Joo performing a diverse program that includes music by Bizet and Puccini, alongside songs by contemporary artists Lady Gaga and Sting. This eclectic programming reflects a willingness to bridge classical and popular music, appealing to a broader audience.<\/p>\n<h3>Implications and Artistic Vision<\/h3>\n<p>The Gran Teatre del Liceu&#8217;s 2026-27 season is characterized by its bold programming choices, embracing both canonical masterpieces and significant contemporary works. The inclusion of Shirin Neshat to direct <em>Aida<\/em> signifies a commitment to cross-disciplinary artistic collaboration, bringing a unique visual perspective to a well-known opera. Similarly, the staging of Thomas Ad\u00e8s&#8217;s <em>The Exterminating Angel<\/em> highlights the Liceu&#8217;s dedication to presenting challenging and relevant modern opera.<\/p>\n<p>The season also demonstrates a strong emphasis on showcasing leading vocal talent. The multiple sopranos cast in <em>Aida<\/em>, the return of Sondra Radvanovsky, and the anticipated performances by Asmik Grigorian and Anna Netrebko underscore the Liceu&#8217;s ability to attract and present world-class singers. The extensive cast lists for productions like <em>La boh\u00e8me<\/em> suggest a desire to offer varied and exceptional vocal performances throughout each run, a strategy that can enhance audience engagement and artistic depth.<\/p>\n<p>The programming of Catalan works, such as the world premiere of Casagemas&#8217;s <em>Schiava e Regina<\/em> and the concert performance of <em>Can\u00e7\u00f3 d\u2019amor i de guerra<\/em>, reinforces the Liceu&#8217;s commitment to its local artistic heritage and its role in fostering new creations within the Catalan cultural landscape.<\/p>\n<p>The robust concert series, featuring a wide range of repertoire from Baroque oratorios to modern vocal collaborations, further broadens the Liceu&#8217;s appeal, offering diverse musical experiences beyond staged operas. The inclusion of artists like Gustavo Dudamel and the adventurous programming of the final concert suggest a forward-thinking approach to audience development and artistic exploration.<\/p>\n<p>Overall, the 2026-27 season at the Gran Teatre del Liceu presents a compelling vision of operatic programming that balances tradition with innovation, national heritage with international artistry, and the grand spectacle of opera with the intimacy of chamber music and concerts. This ambitious schedule positions the Liceu as a vital hub for operatic excellence and a significant contributor to the global cultural conversation.<\/p>\n","protected":false},"excerpt":{"rendered":"<p>The Gran Teatre del Liceu has officially announced its highly anticipated 2026-27 season, promising a captivating journey through opera&#8217;s rich tapestry, from timeless classics to groundbreaking contemporary works. Scheduled to&hellip;<\/p>\n","protected":false},"author":2,"featured_media":8084,"comment_status":"open","ping_status":"open","sticky":false,"template":"","format":"standard","meta":{"footnotes":""},"categories":[545],"tags":[394,296,854,585,66,5444,5446,297,299,3288,1038,2129,298,5445,24],"class_list":["post-8085","post","type-post","status-publish","format-standard","has-post-thumbnail","hentry","category-classical-opera","tag-ambitious","tag-classical","tag-diverse","tag-featuring","tag-global","tag-gran","tag-liceu","tag-opera","tag-orchestra","tag-repertoire","tag-season","tag-stars","tag-symphony","tag-teatre","tag-unveils"],"_links":{"self":[{"href":"https:\/\/empire-music.net\/index.php\/wp-json\/wp\/v2\/posts\/8085","targetHints":{"allow":["GET"]}}],"collection":[{"href":"https:\/\/empire-music.net\/index.php\/wp-json\/wp\/v2\/posts"}],"about":[{"href":"https:\/\/empire-music.net\/index.php\/wp-json\/wp\/v2\/types\/post"}],"author":[{"embeddable":true,"href":"https:\/\/empire-music.net\/index.php\/wp-json\/wp\/v2\/users\/2"}],"replies":[{"embeddable":true,"href":"https:\/\/empire-music.net\/index.php\/wp-json\/wp\/v2\/comments?post=8085"}],"version-history":[{"count":0,"href":"https:\/\/empire-music.net\/index.php\/wp-json\/wp\/v2\/posts\/8085\/revisions"}],"wp:featuredmedia":[{"embeddable":true,"href":"https:\/\/empire-music.net\/index.php\/wp-json\/wp\/v2\/media\/8084"}],"wp:attachment":[{"href":"https:\/\/empire-music.net\/index.php\/wp-json\/wp\/v2\/media?parent=8085"}],"wp:term":[{"taxonomy":"category","embeddable":true,"href":"https:\/\/empire-music.net\/index.php\/wp-json\/wp\/v2\/categories?post=8085"},{"taxonomy":"post_tag","embeddable":true,"href":"https:\/\/empire-music.net\/index.php\/wp-json\/wp\/v2\/tags?post=8085"}],"curies":[{"name":"wp","href":"https:\/\/api.w.org\/{rel}","templated":true}]}}